{"id":5112,"date":"2023-08-16T08:26:37","date_gmt":"2023-08-16T06:26:37","guid":{"rendered":"https:\/\/johann-v-goisern.com\/relatorio-de-tendencias-outono-inverno-2023\/"},"modified":"2023-08-24T07:00:53","modified_gmt":"2023-08-24T05:00:53","slug":"relatorio-de-tendencias-outono-inverno-2023","status":"publish","type":"post","link":"https:\/\/johann-v-goisern.com\/pt-pt\/relatorio-de-tendencias-outono-inverno-2023\/","title":{"rendered":"Relat\u00f3rio de tend\u00eancias outono\/inverno 2023"},"content":{"rendered":"<p>[et_pb_section fb_built=&#8221;1&#8243; _builder_version=&#8221;4.16&#8243; custom_padding=&#8221;0px|||||&#8221; global_colors_info=&#8221;{}&#8221; theme_builder_area=&#8221;post_content&#8221;][et_pb_row _builder_version=&#8221;4.16&#8243; custom_margin=&#8221;|auto|-3px|auto||&#8221; locked=&#8221;off&#8221; global_colors_info=&#8221;{}&#8221; theme_builder_area=&#8221;post_content&#8221;][et_pb_column type=&#8221;4_4&#8243; _builder_version=&#8221;4.16&#8243; global_colors_info=&#8221;{}&#8221; theme_builder_area=&#8221;post_content&#8221;][et_pb_slider _builder_version=&#8221;4.22.0&#8243; custom_padding=&#8221;||415px|||&#8221; hover_enabled=&#8221;0&#8243; global_colors_info=&#8221;{}&#8221; theme_builder_area=&#8221;post_content&#8221; sticky_enabled=&#8221;0&#8243;][et_pb_slide _builder_version=&#8221;4.22.0&#8243; background_image=&#8221;https:\/\/johann-v-goisern.com\/\/wp-content\/uploads\/2023\/08\/01.jpg&#8221; background_enable_image=&#8221;on&#8221; hover_enabled=&#8221;0&#8243; global_colors_info=&#8221;{}&#8221; sticky_transition=&#8221;on&#8221; theme_builder_area=&#8221;post_content&#8221; title_text=&#8221;01&#8243; sticky_enabled=&#8221;0&#8243;][\/et_pb_slide][et_pb_slide _builder_version=&#8221;4.22.0&#8243; background_image=&#8221;https:\/\/johann-v-goisern.com\/\/wp-content\/uploads\/2023\/08\/02.jpg&#8221; background_enable_image=&#8221;on&#8221; hover_enabled=&#8221;0&#8243; global_colors_info=&#8221;{}&#8221; sticky_transition=&#8221;on&#8221; theme_builder_area=&#8221;post_content&#8221; title_text=&#8221;02&#8243; sticky_enabled=&#8221;0&#8243;][\/et_pb_slide][et_pb_slide _builder_version=&#8221;4.22.0&#8243; background_image=&#8221;https:\/\/johann-v-goisern.com\/\/wp-content\/uploads\/2023\/08\/03.jpg&#8221; background_enable_image=&#8221;on&#8221; hover_enabled=&#8221;0&#8243; global_colors_info=&#8221;{}&#8221; sticky_transition=&#8221;on&#8221; theme_builder_area=&#8221;post_content&#8221; title_text=&#8221;03&#8243; sticky_enabled=&#8221;0&#8243;][\/et_pb_slide][et_pb_slide _builder_version=&#8221;4.22.0&#8243; background_image=&#8221;https:\/\/johann-v-goisern.com\/\/wp-content\/uploads\/2023\/08\/04.jpg&#8221; background_enable_image=&#8221;on&#8221; hover_enabled=&#8221;0&#8243; global_colors_info=&#8221;{}&#8221; sticky_transition=&#8221;on&#8221; theme_builder_area=&#8221;post_content&#8221; title_text=&#8221;04&#8243; sticky_enabled=&#8221;0&#8243;][\/et_pb_slide][et_pb_slide _builder_version=&#8221;4.22.0&#8243; background_image=&#8221;https:\/\/johann-v-goisern.com\/\/wp-content\/uploads\/2023\/08\/05.jpg&#8221; background_enable_image=&#8221;on&#8221; hover_enabled=&#8221;0&#8243; global_colors_info=&#8221;{}&#8221; sticky_transition=&#8221;on&#8221; theme_builder_area=&#8221;post_content&#8221; title_text=&#8221;05&#8243; sticky_enabled=&#8221;0&#8243;][\/et_pb_slide][et_pb_slide _builder_version=&#8221;4.22.0&#8243; background_image=&#8221;https:\/\/johann-v-goisern.com\/\/wp-content\/uploads\/2023\/08\/06.jpg&#8221; background_enable_image=&#8221;on&#8221; hover_enabled=&#8221;0&#8243; global_colors_info=&#8221;{}&#8221; sticky_transition=&#8221;on&#8221; theme_builder_area=&#8221;post_content&#8221; title_text=&#8221;06&#8243; sticky_enabled=&#8221;0&#8243;][\/et_pb_slide][et_pb_slide _builder_version=&#8221;4.22.0&#8243; background_image=&#8221;https:\/\/johann-v-goisern.com\/\/wp-content\/uploads\/2023\/08\/07.jpg&#8221; background_enable_image=&#8221;on&#8221; hover_enabled=&#8221;0&#8243; global_colors_info=&#8221;{}&#8221; sticky_transition=&#8221;on&#8221; theme_builder_area=&#8221;post_content&#8221; title_text=&#8221;07&#8243; sticky_enabled=&#8221;0&#8243;][\/et_pb_slide][et_pb_slide _builder_version=&#8221;4.22.0&#8243; background_image=&#8221;https:\/\/johann-v-goisern.com\/\/wp-content\/uploads\/2023\/08\/08.jpg&#8221; background_enable_image=&#8221;on&#8221; hover_enabled=&#8221;0&#8243; global_colors_info=&#8221;{}&#8221; sticky_transition=&#8221;on&#8221; theme_builder_area=&#8221;post_content&#8221; title_text=&#8221;08&#8243; sticky_enabled=&#8221;0&#8243;][\/et_pb_slide][\/et_pb_slider][et_pb_text _builder_version=&#8221;4.22.0&#8243; hover_enabled=&#8221;0&#8243; global_colors_info=&#8221;{}&#8221; theme_builder_area=&#8221;post_content&#8221; sticky_enabled=&#8221;0&#8243;]<\/p>\n<p>&#8220;Viva Magenta&#8221;, a cor tend\u00eancia de 2023, tamb\u00e9m pode ser vista em todas as suas facetas no outono e no inverno. O cor-de-rosa vem da fam\u00edlia do vermelho. \u00c9 sin\u00f3nimo de alegria, fasc\u00ednio e otimismo. Quem usa a cor-de-rosa na moda gosta de se destacar e de enviar um sinal de for\u00e7a.<\/p>\n<blockquote>\n<p><em>&gt; Como um &#8220;carmesim&#8221; forte e matizado, &#8220;Viva Magenta&#8221; combina ousadia com uma sensa\u00e7\u00e3o de prazer. Esta mistura parece dinamicamente rebelde sem perder a sua suavidade. Encarna uma eleg\u00e2ncia apaixonada e seduz um comportamento confiante mas humano. A digitaliza\u00e7\u00e3o acelerou a globaliza\u00e7\u00e3o e, ao mesmo tempo, tornou-nos mais ligados do que nunca. &lt;&lt;<\/em> &#8211; Esta \u00e9 uma cita\u00e7\u00e3o direta dos editores da Pantone.<\/p>\n<\/blockquote>\n<p>A equipa de design da marca Johann von Goisern tamb\u00e9m se inspirou na tend\u00eancia deste ano e utiliza esta cor expressiva em alguns modelos.<\/p>\n<p>Como em todas as esta\u00e7\u00f5es, h\u00e1 tamb\u00e9m algumas cores tend\u00eancia deste ano que vimos na Semana da Moda de Londres e Nova Iorque. Estas incluem: <strong>&#8220;Tender Peach, Rose Violet, Red Orange, High Visibility, Persian Jewel, Carnival Glass, Fiery Red, Fired Brick, Blue Atoll&#8221;.<\/strong><\/p>\n<p>Para se manter a par dos tempos, a marca Johann von Goisern tamb\u00e9m olhou para estas cores tend\u00eancia desta esta\u00e7\u00e3o e inspirou-se nelas. No entanto, as cores cl\u00e1ssicas e intemporais n\u00e3o foram descuradas.<\/p>\n<h2><span style=\"color: #ff6600\">Formas modernas e as cores do outono<\/span><\/h2>\n<p>Ein echtes Highlight in der Trendfarbe \u201eViva Magenta\u201c ist Fassung\u00a0<strong>JA 021 P18.<\/strong>\u00a0Diese besticht mit ihrer einzigartigen Form und Farbgebung. Derselbe wundervolle und extravagante rote Farbton ist in vielen Nuancen ebenfalls in\u00a0<strong>Fassung J794 X95<\/strong>\u00a0vertreten. Eine Abstufung davon ist unter anderem auch die Trendfarbe \u201eRose Violet\u201c.<\/p>\n<p>[\/et_pb_text][et_pb_image src=&#8221;https:\/\/johann-v-goisern.com\/\/wp-content\/uploads\/2023\/08\/JvG-Art_Mod_021-Col_P18-scaled.jpg&#8221; title_text=&#8221;JvG-Art_Mod_021-Col_P18&#8243; _builder_version=&#8221;4.22.0&#8243; _module_preset=&#8221;default&#8221; hover_enabled=&#8221;0&#8243; global_colors_info=&#8221;{}&#8221; theme_builder_area=&#8221;post_content&#8221; sticky_enabled=&#8221;0&#8243;][\/et_pb_image][et_pb_image src=&#8221;https:\/\/johann-v-goisern.com\/\/wp-content\/uploads\/2023\/08\/JvG_Mod_794-Col_X95_web.jpg&#8221; title_text=&#8221;JvG_Mod_794-Col_X95_web&#8221; _builder_version=&#8221;4.22.0&#8243; _module_preset=&#8221;default&#8221; hover_enabled=&#8221;0&#8243; global_colors_info=&#8221;{}&#8221; theme_builder_area=&#8221;post_content&#8221; sticky_enabled=&#8221;0&#8243;][\/et_pb_image][et_pb_text _builder_version=&#8221;4.22.0&#8243; _module_preset=&#8221;default&#8221; hover_enabled=&#8221;0&#8243; global_colors_info=&#8221;{}&#8221; theme_builder_area=&#8221;post_content&#8221; sticky_enabled=&#8221;0&#8243;]<\/p>\n<p>Outra cor tend\u00eancia para a esta\u00e7\u00e3o outono\/inverno 2023 deste ano \u00e9 o <strong>&#8220;Fiery Red&#8221;.<\/strong> Este maravilhoso tom de vermelho reflecte-se nos <strong>JvG Art JA023 P29.<\/strong> Naturalmente, a cor tamb\u00e9m est\u00e1 representada nos modelos para homem. O <strong>J797 P13<\/strong> cativa com os seus <strong>fortes tons vermelhos<\/strong> combinados com um tom especial <strong>&#8220;Blue Atoll&#8221;.<\/strong><\/p>\n<p>[\/et_pb_text][et_pb_image src=&#8221;https:\/\/johann-v-goisern.com\/\/wp-content\/uploads\/2023\/08\/JA023P29.jpg&#8221; title_text=&#8221;JA023P29&#8243; _builder_version=&#8221;4.22.0&#8243; _module_preset=&#8221;default&#8221; hover_enabled=&#8221;0&#8243; global_colors_info=&#8221;{}&#8221; theme_builder_area=&#8221;post_content&#8221; sticky_enabled=&#8221;0&#8243;][\/et_pb_image][et_pb_image src=&#8221;https:\/\/johann-v-goisern.com\/\/wp-content\/uploads\/2023\/08\/JvG_Mod_797-Col_P13_web.jpg&#8221; title_text=&#8221;JvG_Mod_797-Col_P13_web&#8221; _builder_version=&#8221;4.22.0&#8243; _module_preset=&#8221;default&#8221; hover_enabled=&#8221;0&#8243; global_colors_info=&#8221;{}&#8221; theme_builder_area=&#8221;post_content&#8221; sticky_enabled=&#8221;0&#8243;][\/et_pb_image][et_pb_text _builder_version=&#8221;4.22.0&#8243; _module_preset=&#8221;default&#8221; hover_enabled=&#8221;0&#8243; global_colors_info=&#8221;{}&#8221; theme_builder_area=&#8221;post_content&#8221; sticky_enabled=&#8221;0&#8243;]<\/p>\n<p>A necessidade de individualidade e criatividade est\u00e1 a crescer. A marca &#8220;Johann von Goisern&#8221; tamb\u00e9m representa isto, tal como<strong> a cor amarela representa alegria, calor e otimismo.<\/strong> As cores de tend\u00eancia <strong>&#8220;Spectra Yellow&#8221; e &#8220;High Visibility&#8221;<\/strong> est\u00e3o no espetro do amarelo.<\/p>\n<p>Um dos destaques da cole\u00e7\u00e3o outono\/inverno \u00e9 a arma\u00e7\u00e3o de senhora <strong>JA022 P21.<\/strong> Combina as cores de tend\u00eancia amarela e o magn\u00edfico <strong>&#8220;Viva Magenta&#8221;<\/strong> para criar uma obra-prima visualmente excitante. Cria-se uma harmonia ousada e cheia de sentimentos positivos.<\/p>\n<p>[\/et_pb_text][et_pb_image src=&#8221;https:\/\/johann-v-goisern.com\/\/wp-content\/uploads\/2023\/08\/JA022P21.jpg&#8221; title_text=&#8221;JA022P21&#8243; _builder_version=&#8221;4.22.0&#8243; _module_preset=&#8221;default&#8221; hover_enabled=&#8221;0&#8243; global_colors_info=&#8221;{}&#8221; theme_builder_area=&#8221;post_content&#8221; sticky_enabled=&#8221;0&#8243;][\/et_pb_image][et_pb_text _builder_version=&#8221;4.22.0&#8243; _module_preset=&#8221;default&#8221; hover_enabled=&#8221;0&#8243; global_colors_info=&#8221;{}&#8221; theme_builder_area=&#8221;post_content&#8221; sticky_enabled=&#8221;0&#8243;]<\/p>\n<p>O amarelo da moda tamb\u00e9m est\u00e1 representado nos \u00f3culos de homem. Entre outros, no quase <strong>monocrom\u00e1tico J795 P05.<\/strong> Aqui, o radiante <strong>&#8220;High Visibility&#8221;<\/strong> suaviza as cores cl\u00e1ssicas como <strong>&#8220;Lava Smoke&#8221; e &#8220;Forest Night&#8221;.<\/strong><\/p>\n<p>[\/et_pb_text][et_pb_image src=&#8221;https:\/\/johann-v-goisern.com\/\/wp-content\/uploads\/2023\/08\/JvG_Mod_795-Col_P05_web.jpg&#8221; title_text=&#8221;JvG_Mod_795-Col_P05_web&#8221; _builder_version=&#8221;4.22.0&#8243; _module_preset=&#8221;default&#8221; hover_enabled=&#8221;0&#8243; global_colors_info=&#8221;{}&#8221; theme_builder_area=&#8221;post_content&#8221; sticky_enabled=&#8221;0&#8243;][\/et_pb_image][et_pb_text _builder_version=&#8221;4.22.0&#8243; _module_preset=&#8221;default&#8221; hover_enabled=&#8221;0&#8243; global_colors_info=&#8221;{}&#8221; theme_builder_area=&#8221;post_content&#8221; sticky_enabled=&#8221;0&#8243;]<\/p>\n<p>Tons cl\u00e1ssicos como <strong>&#8220;Lava Smoke&#8221; e &#8220;Coconut Milk&#8221;<\/strong> n\u00e3o podem faltar em nenhuma cole\u00e7\u00e3o da &#8220;Johann von Goisern&#8221;. Servem de contraste e completam habilmente as arma\u00e7\u00f5es de \u00f3culos:<\/p>\n<p>O cinzento-branco brilhante em <strong>J792 X88<\/strong> combinado com a maravilhosa cor <strong>&#8220;Titanate Green&#8221;<\/strong> resulta numa harmonia suave de cores delicadas. Na arma\u00e7\u00e3o hexagonal <strong>JA023 P30,<\/strong> foram utilizadas deliberadamente as cores cl\u00e1ssicas da moda <strong>&#8220;Hot Fudge&#8221;, &#8220;Forest Night&#8221; e o preto.<\/strong> Em muitas noites amenas de ver\u00e3o, quando a maravilhosa natureza de Bad Goisern s\u00f3 pode ser adivinhada devido \u00e0 escurid\u00e3o, o luar levanta agilmente o v\u00e9u da escurid\u00e3o e revela apenas o suficiente para revelar as facetas dos pormenores abrangentes do Salzkammergut da Alta \u00c1ustria. Esta fotografia serviu de inspira\u00e7\u00e3o para <strong>JA023 P30.<\/strong><\/p>\n<p>[\/et_pb_text][et_pb_image src=&#8221;https:\/\/johann-v-goisern.com\/\/wp-content\/uploads\/2023\/08\/JvG_Mod_792-Col_X88_web.jpg&#8221; title_text=&#8221;JvG_Mod_792-Col_X88_web&#8221; _builder_version=&#8221;4.22.0&#8243; _module_preset=&#8221;default&#8221; hover_enabled=&#8221;0&#8243; global_colors_info=&#8221;{}&#8221; theme_builder_area=&#8221;post_content&#8221; sticky_enabled=&#8221;0&#8243;][\/et_pb_image][et_pb_image src=&#8221;https:\/\/johann-v-goisern.com\/\/wp-content\/uploads\/2023\/08\/JA023P30.jpg&#8221; title_text=&#8221;JA023P30&#8243; _builder_version=&#8221;4.22.0&#8243; _module_preset=&#8221;default&#8221; hover_enabled=&#8221;0&#8243; global_colors_info=&#8221;{}&#8221; theme_builder_area=&#8221;post_content&#8221; sticky_enabled=&#8221;0&#8243;][\/et_pb_image][et_pb_text _builder_version=&#8221;4.22.0&#8243; _module_preset=&#8221;default&#8221; hover_enabled=&#8221;0&#8243; global_colors_info=&#8221;{}&#8221; theme_builder_area=&#8221;post_content&#8221; sticky_enabled=&#8221;0&#8243;]<\/p>\n<p>Outro destaque colorido \u00e9 a arma\u00e7\u00e3o <strong>unissexo J787 X59.<\/strong> Cores modernas como <strong>&#8220;Sparkling Grape&#8221; e &#8220;Conch Shell&#8221;<\/strong> s\u00e3o o foco destes \u00f3culos de leitura. Os tons nobres de <strong>violeta, f\u00facsia e p\u00farpura<\/strong> cooperam aqui de uma forma \u00fanica e fazem lembrar, de forma imaginativa, uma rosa selvagem em flor que lutou pelo seu caminho atrav\u00e9s do solo mate do campo.<\/p>\n<p>[\/et_pb_text][et_pb_image src=&#8221;https:\/\/johann-v-goisern.com\/\/wp-content\/uploads\/2023\/08\/JvG_Mod_787-Col_X59_web.jpg&#8221; title_text=&#8221;JvG_Mod_787-Col_X59_web&#8221; _builder_version=&#8221;4.22.0&#8243; _module_preset=&#8221;default&#8221; hover_enabled=&#8221;0&#8243; global_colors_info=&#8221;{}&#8221; theme_builder_area=&#8221;post_content&#8221; sticky_enabled=&#8221;0&#8243;][\/et_pb_image][et_pb_text _builder_version=&#8221;4.22.0&#8243; _module_preset=&#8221;default&#8221; hover_enabled=&#8221;0&#8243; global_colors_info=&#8221;{}&#8221; theme_builder_area=&#8221;post_content&#8221; sticky_enabled=&#8221;0&#8243;]<\/p>\n<p>A arma\u00e7\u00e3o de senhora<strong> J791 X76<\/strong> tamb\u00e9m se situa no basti\u00e3o dos tons violeta em termos de cor. Tudo aqui faz lembrar um campo de lavanda na Proven\u00e7a francesa. <strong>O violeta delicado e o lil\u00e1s pastel<\/strong> misturam-se discretamente com agrad\u00e1veis tons azuis. Contrastam de forma arrojada entre si e formam um quadro geral homog\u00e9neo. As cores de tend\u00eancia <strong>&#8220;Lacecap Hydrangea&#8221;, &#8220;Perian Jewel&#8221; e &#8220;Carnival Glass&#8221;<\/strong> formam uma constru\u00e7\u00e3o \u00fanica que se adapta perfeitamente aos tipos de cores frias de inverno.<\/p>\n<p>[\/et_pb_text][et_pb_image src=&#8221;https:\/\/johann-v-goisern.com\/\/wp-content\/uploads\/2023\/08\/JvG_Mod_791-Col_X76_web.jpg&#8221; title_text=&#8221;JvG_Mod_791-Col_X76_web&#8221; _builder_version=&#8221;4.22.0&#8243; _module_preset=&#8221;default&#8221; hover_enabled=&#8221;0&#8243; global_colors_info=&#8221;{}&#8221; theme_builder_area=&#8221;post_content&#8221; sticky_enabled=&#8221;0&#8243;][\/et_pb_image][\/et_pb_column][\/et_pb_row][\/et_pb_section][et_pb_section fb_built=&#8221;1&#8243; _builder_version=&#8221;4.4.7&#8243; custom_padding=&#8221;0px||0px|||&#8221; global_module=&#8221;743&#8243; saved_tabs=&#8221;all&#8221; global_colors_info=&#8221;{}&#8221; theme_builder_area=&#8221;post_content&#8221;][et_pb_row column_structure=&#8221;1_2,1_2&#8243; make_equal=&#8221;on&#8221; _builder_version=&#8221;4.16&#8243; module_alignment=&#8221;center&#8221; global_colors_info=&#8221;{}&#8221; theme_builder_area=&#8221;post_content&#8221;][et_pb_column type=&#8221;1_2&#8243; _builder_version=&#8221;4.16&#8243; global_colors_info=&#8221;{}&#8221; theme_builder_area=&#8221;post_content&#8221;][et_pb_image src=&#8221;https:\/\/johann-v-goisern.com\/\/wp-content\/uploads\/2020\/06\/Kataloge.png&#8221; title_text=&#8221;Cat\u00e1logos&#8221; url=&#8221;@ET-DC@eyJkeW5hbWljIjp0cnVlLCJjb250ZW50IjoicG9zdF9saW5rX3VybF9wYWdlIiwic2V0dGluZ3MiOnsicG9zdF9pZCI6IjczIn19@&#8221; align=&#8221;center&#8221; _builder_version=&#8221;4.16&#8243; _dynamic_attributes=&#8221;url&#8221; max_height=&#8221;100px&#8221; global_colors_info=&#8221;{}&#8221; theme_builder_area=&#8221;post_content&#8221;][\/et_pb_image][et_pb_button button_url=&#8221;@ET-DC@eyJkeW5hbWljIjp0cnVlLCJjb250ZW50IjoicG9zdF9saW5rX3VybF9wYWdlIiwic2V0dGluZ3MiOnsicG9zdF9pZCI6IjczIn19@&#8221; button_text=&#8221;veja as cole\u00e7\u00f5es&#8221; button_alignment=&#8221;center&#8221; _builder_version=&#8221;4.16&#8243; _dynamic_attributes=&#8221;button_url&#8221; custom_button=&#8221;on&#8221; button_bg_color=&#8221;#0c71c3&#8243; button_use_icon=&#8221;off&#8221; global_colors_info=&#8221;{}&#8221; theme_builder_area=&#8221;post_content&#8221;][\/et_pb_button][\/et_pb_column][et_pb_column type=&#8221;1_2&#8243; _builder_version=&#8221;4.16&#8243; global_colors_info=&#8221;{}&#8221; theme_builder_area=&#8221;post_content&#8221;][et_pb_image src=&#8221;https:\/\/johann-v-goisern.com\/\/wp-content\/uploads\/2020\/06\/Shopfinder.png&#8221; title_text=&#8221;Shop-Finder&#8221; url=&#8221;https:\/\/johann-v-goisern.com\/\/pt-pt\/shop-finder\/?remove=Alle&#8221; align=&#8221;center&#8221; _builder_version=&#8221;4.16&#8243; max_height=&#8221;100px&#8221; global_colors_info=&#8221;{}&#8221; theme_builder_area=&#8221;post_content&#8221;][\/et_pb_image][et_pb_button button_url=&#8221;https:\/\/johann-v-goisern.com\/\/pt-pt\/shop-finder\/?remove=Alle&#8221; button_text=&#8221;veja o Shop-Finder&#8221; button_alignment=&#8221;center&#8221; _builder_version=&#8221;4.16&#8243; custom_button=&#8221;on&#8221; button_bg_color=&#8221;#e02b20&#8243; button_use_icon=&#8221;off&#8221; global_colors_info=&#8221;{}&#8221; theme_builder_area=&#8221;post_content&#8221;][\/et_pb_button][\/et_pb_column][\/et_pb_row][\/et_pb_section][et_pb_section fb_built=&#8221;1&#8243; _builder_version=&#8221;4.16&#8243; global_colors_info=&#8221;{}&#8221; theme_builder_area=&#8221;post_content&#8221;][et_pb_row _builder_version=&#8221;4.16&#8243; global_colors_info=&#8221;{}&#8221; theme_builder_area=&#8221;post_content&#8221;][et_pb_column type=&#8221;4_4&#8243; _builder_version=&#8221;4.16&#8243; global_colors_info=&#8221;{}&#8221; theme_builder_area=&#8221;post_content&#8221;][et_pb_sidebar _builder_version=&#8221;4.16&#8243; global_colors_info=&#8221;{}&#8221; theme_builder_area=&#8221;post_content&#8221;][\/et_pb_sidebar][\/et_pb_column][\/et_pb_row][\/et_pb_section]<\/p>\n","protected":false},"excerpt":{"rendered":"<p>&#8220;Viva Magenta&#8221;, a cor tend\u00eancia de 2023, tamb\u00e9m pode ser vista em todas as suas facetas no outono e no inverno. O cor-de-rosa vem da fam\u00edlia do vermelho. \u00c9 sin\u00f3nimo de alegria, fasc\u00ednio e otimismo. Quem usa a cor-de-rosa na moda gosta de se destacar e de enviar um sinal de for\u00e7a. &gt; Como um [&hellip;]<\/p>\n","protected":false},"author":3,"featured_media":5014,"comment_status":"closed","ping_status":"closed","sticky":false,"template":"","format":"standard","meta":{"_et_pb_use_builder":"on","_et_pb_old_content":"","_et_gb_content_width":"","footnotes":""},"categories":[39],"tags":[],"class_list":["post-5112","post","type-post","status-publish","format-standard","has-post-thumbnail","hentry","category-presse-pt-pt"],"_links":{"self":[{"href":"https:\/\/johann-v-goisern.com\/pt-pt\/wp-json\/wp\/v2\/posts\/5112","targetHints":{"allow":["GET"]}}],"collection":[{"href":"https:\/\/johann-v-goisern.com\/pt-pt\/wp-json\/wp\/v2\/posts"}],"about":[{"href":"https:\/\/johann-v-goisern.com\/pt-pt\/wp-json\/wp\/v2\/types\/post"}],"author":[{"embeddable":true,"href":"https:\/\/johann-v-goisern.com\/pt-pt\/wp-json\/wp\/v2\/users\/3"}],"replies":[{"embeddable":true,"href":"https:\/\/johann-v-goisern.com\/pt-pt\/wp-json\/wp\/v2\/comments?post=5112"}],"version-history":[{"count":0,"href":"https:\/\/johann-v-goisern.com\/pt-pt\/wp-json\/wp\/v2\/posts\/5112\/revisions"}],"wp:featuredmedia":[{"embeddable":true,"href":"https:\/\/johann-v-goisern.com\/pt-pt\/wp-json\/wp\/v2\/media\/5014"}],"wp:attachment":[{"href":"https:\/\/johann-v-goisern.com\/pt-pt\/wp-json\/wp\/v2\/media?parent=5112"}],"wp:term":[{"taxonomy":"category","embeddable":true,"href":"https:\/\/johann-v-goisern.com\/pt-pt\/wp-json\/wp\/v2\/categories?post=5112"},{"taxonomy":"post_tag","embeddable":true,"href":"https:\/\/johann-v-goisern.com\/pt-pt\/wp-json\/wp\/v2\/tags?post=5112"}],"curies":[{"name":"wp","href":"https:\/\/api.w.org\/{rel}","templated":true}]}}